[{"@context":"https:\/\/schema.org\/","@type":"Article","@id":"https:\/\/www.pampaliny.cz\/kdy-do-duchodu\/#Article","mainEntityOfPage":"https:\/\/www.pampaliny.cz\/kdy-do-duchodu\/","headline":"Kdy do d\u016fchodu","name":"Kdy do d\u016fchodu","description":"Nevyzn\u00e1te se v d\u016fchodov\u00e9 problematice a nev\u00edte, kdy do d\u016fchodu je pro v\u00e1s v\u00fdhodn\u00e9 odej\u00edt?...","datePublished":"2025-03-22","dateModified":"2025-03-22","author":{"@type":"Person","@id":"https:\/\/www.pampaliny.cz\/author\/#Person","name":"","url":"https:\/\/www.pampaliny.cz\/author\/","identifier":1,"image":{"@type":"ImageObject","@id":"https:\/\/secure.gravatar.com\/avatar\/9994033610bfa8d5c75e7c2dd1b5bdd54900f4ed2e7e5c6722d4887246e31af4?s=96&d=mm&r=g","url":"https:\/\/secure.gravatar.com\/avatar\/9994033610bfa8d5c75e7c2dd1b5bdd54900f4ed2e7e5c6722d4887246e31af4?s=96&d=mm&r=g","height":96,"width":96}},"publisher":{"@type":"Organization","name":"pampaliny.cz","logo":{"@type":"ImageObject","@id":"\/logo.png","url":"\/logo.png","width":600,"height":60}},"url":"https:\/\/www.pampaliny.cz\/kdy-do-duchodu\/","wordCount":217,"articleBody":" Nevyzn\u00e1te se v d\u016fchodov\u00e9 problematice a nev\u00edte, kdy do d\u016fchodu je pro v\u00e1s v\u00fdhodn\u00e9 odej\u00edt? Dok\u00e1\u017eeme v\u00e1m pomoci. P\u0159iprav\u00edme v\u00e1m podrobnou anal\u00fdzu obsahuj\u00edc\u00ed konkr\u00e9tn\u00ed \u00fadaje a v\u00fdpo\u010dty s doporu\u010den\u00edmi pro n\u00e1sledn\u00e9 kroky a postupy a to v\u0161e s ohledem na va\u0161i \u017eivotn\u00ed situaci a po\u017eadavky. P\u0159ed\u010dasn\u00fd odchod do d\u016fchodu Jsme spole\u010dnost, kter\u00e1 se zab\u00fdv\u00e1 d\u016fchodovou problematikou. Poskytujeme poradenstv\u00ed v r\u016fzn\u00fdch \u017eivotn\u00edch situac\u00edch, nez\u00e1le\u017e\u00ed na tom, jestli jste zam\u011bstnanec nebo osoba SV\u010c, chcete poradit v oblasti starobn\u00edho d\u016fchodu, invalidn\u00edho nebo chcete p\u0159epo\u010d\u00edtat ji\u017e p\u0159iznan\u00fd d\u016fchod. Jsme tu od toho, abychom v\u00e1m pomohli s t\u00edm, kdy do d\u016fchodu, p\u0159\u00edpadn\u011b jak\u00e9 kroky u\u010dinit tak, aby se v\u00e1m to vyplatilo nejv\u00edce. Cen\u00edk S problematikou p\u0159ed\u010dasn\u00fd odchod do d\u016fchodu se na n\u00e1s obrac\u00ed spousta klient\u016f a bez ohledu na slu\u017ebu, jako cht\u011bj\u00ed vyu\u017e\u00edt, si \u00fa\u010dtujeme stejnou \u010d\u00e1stku a je nem\u011bnn\u00e1. Vzorov\u00e9 p\u0159\u00edklady zpracov\u00e1n\u00ed zpr\u00e1v nebo odpov\u011bdi na \u010dast\u00e9 dotazy najdete na na\u0161ich webov\u00fdch str\u00e1nk\u00e1ch.                                                                                                                                                                                                                                                                                                                                                                                        4\/5 - (1 vote)        "},{"@context":"https:\/\/schema.org\/","@type":"BreadcrumbList","itemListElement":[{"@type":"ListItem","position":1,"name":"Kdy do d\u016fchodu","item":"https:\/\/www.pampaliny.cz\/kdy-do-duchodu\/#breadcrumbitem"}]}]