[{"@context":"https:\/\/schema.org\/","@type":"Article","@id":"https:\/\/www.pampaliny.cz\/kdyz-mate-prace-az-nad-hlavu\/#Article","mainEntityOfPage":"https:\/\/www.pampaliny.cz\/kdyz-mate-prace-az-nad-hlavu\/","headline":"Kdy\u017e m\u00e1te pr\u00e1ce a\u017e nad hlavu","name":"Kdy\u017e m\u00e1te pr\u00e1ce a\u017e nad hlavu","description":"Mo\u017en\u00e1 pl\u00e1nujete jednu z nejv\u011bt\u0161\u00edch akc\u00ed sv\u00e9ho \u017eivota, kterou svatba bez pochyby je, a m\u00e1te...","datePublished":"2025-03-14","dateModified":"2025-03-14","author":{"@type":"Person","@id":"https:\/\/www.pampaliny.cz\/author\/#Person","name":"","url":"https:\/\/www.pampaliny.cz\/author\/","identifier":1,"image":{"@type":"ImageObject","@id":"https:\/\/secure.gravatar.com\/avatar\/9994033610bfa8d5c75e7c2dd1b5bdd54900f4ed2e7e5c6722d4887246e31af4?s=96&d=mm&r=g","url":"https:\/\/secure.gravatar.com\/avatar\/9994033610bfa8d5c75e7c2dd1b5bdd54900f4ed2e7e5c6722d4887246e31af4?s=96&d=mm&r=g","height":96,"width":96}},"publisher":{"@type":"Organization","name":"pampaliny.cz","logo":{"@type":"ImageObject","@id":"\/logo.png","url":"\/logo.png","width":600,"height":60}},"url":"https:\/\/www.pampaliny.cz\/kdyz-mate-prace-az-nad-hlavu\/","wordCount":256,"articleBody":" Mo\u017en\u00e1 pl\u00e1nujete jednu z nejv\u011bt\u0161\u00edch akc\u00ed sv\u00e9ho \u017eivota, kterou svatba bez pochyby je, a m\u00e1te starost\u00ed a\u017e nad hlavu. A je\u0161t\u011b k tomu byste m\u011bli za\u0159izovat sv\u00e9 st\u011bhov\u00e1n\u00ed do jednoho spole\u010dn\u00e9ho domu, abyste mohli po ob\u0159adu spole\u010dn\u011b odjet do nov\u00e9ho. Tak\u017ee nev\u00edte, co d\u0159\u00edv. A pr\u00e1v\u011b v t\u00e9to situaci je nejlep\u0161\u00ed n\u011bkter\u00e9 ze sv\u00fdch \u00fakol\u016f delegovat na ostatn\u00ed, v\u017edy\u0165 p\u0159ece nem\u016f\u017eete d\u011blat v\u0161echno. T\u00edm sp\u00ed\u0161e, \u017ee ve v\u00e1\u0161 velk\u00fd den byste si m\u011bli hlavn\u011b u\u017e\u00edvat. P\u0159enechte sv\u00e9 starosti jin\u00fdm A pro tyto p\u0159\u00edpady je ide\u00e1ln\u00ed zvolit slu\u017ebu st\u011bhov\u00e1n\u00ed na kl\u00ed\u010d, kterou pro v\u00e1s firma r\u00e1da zajist\u00ed. Je to velice snadn\u00e9. Sta\u010d\u00ed se s p\u0159edstihem sej\u00edt s firemn\u00edm technikem a podrobn\u011b se domluvit na tom, co v\u0161echno je pot\u0159eba ud\u011blat, p\u0159em\u00edstit a na jak\u00e9 m\u00edsto co bude pat\u0159it. A potom u\u017e se m\u016f\u017eete v klidu v\u011bnovat jin\u00fdm, d\u016fle\u017eit\u011bj\u0161\u00edm v\u011bcem a tyto starosti p\u0159enechat profesion\u00e1l\u016fm, kte\u0159\u00ed se za v\u00e1s o v\u0161e postaraj\u00ed. V\u0161echny v\u011bci p\u0159esunou do jejich nov\u00e9ho p\u016fsobi\u0161t\u011b, v\u0161e uklid\u00ed, zapoj\u00ed a p\u0159\u00edpadn\u011b se postaraj\u00ed je\u0161t\u011b o dal\u0161\u00ed drobn\u00e9 pr\u00e1ce. Zkr\u00e1tka v\u0161echno zajist\u00ed tak, abyste byli n\u00e1sledn\u011b maxim\u00e1ln\u011b spokojen\u00ed.                                                                                                                                                                                                                                                                                                                                                                                                "},{"@context":"https:\/\/schema.org\/","@type":"BreadcrumbList","itemListElement":[{"@type":"ListItem","position":1,"name":"Kdy\u017e m\u00e1te pr\u00e1ce a\u017e nad hlavu","item":"https:\/\/www.pampaliny.cz\/kdyz-mate-prace-az-nad-hlavu\/#breadcrumbitem"}]}]