[{"@context":"https:\/\/schema.org\/","@type":"Article","@id":"https:\/\/www.pampaliny.cz\/kdyz-skrine-tak-vestavene\/#Article","mainEntityOfPage":"https:\/\/www.pampaliny.cz\/kdyz-skrine-tak-vestavene\/","headline":"Kdy\u017e sk\u0159\u00edn\u011b, tak vestav\u011bn\u00e9","name":"Kdy\u017e sk\u0159\u00edn\u011b, tak vestav\u011bn\u00e9","description":"Pokud n\u011bkde bydl\u00edte, a nejste tam pr\u00e1v\u011b \u010derstv\u011b nast\u011bhovan\u00ed, ur\u010dit\u011b tam m\u00e1te aspo\u0148 n\u011bjak\u00fd n\u00e1bytek....","datePublished":"2025-04-14","dateModified":"2025-04-14","author":{"@type":"Person","@id":"https:\/\/www.pampaliny.cz\/author\/#Person","name":"","url":"https:\/\/www.pampaliny.cz\/author\/","identifier":1,"image":{"@type":"ImageObject","@id":"https:\/\/secure.gravatar.com\/avatar\/9994033610bfa8d5c75e7c2dd1b5bdd54900f4ed2e7e5c6722d4887246e31af4?s=96&d=mm&r=g","url":"https:\/\/secure.gravatar.com\/avatar\/9994033610bfa8d5c75e7c2dd1b5bdd54900f4ed2e7e5c6722d4887246e31af4?s=96&d=mm&r=g","height":96,"width":96}},"publisher":{"@type":"Organization","name":"pampaliny.cz","logo":{"@type":"ImageObject","@id":"\/logo.png","url":"\/logo.png","width":600,"height":60}},"image":{"@type":"ImageObject","@id":"https:\/\/www.pampaliny.cz\/wp-content\/uploads\/ssssssss_4.png","url":"https:\/\/www.pampaliny.cz\/wp-content\/uploads\/ssssssss_4.png","height":0,"width":0},"url":"https:\/\/www.pampaliny.cz\/kdyz-skrine-tak-vestavene\/","about":["Nakupov\u00e1n\u00ed"],"wordCount":443,"articleBody":"        Pokud n\u011bkde bydl\u00edte, a nejste tam pr\u00e1v\u011b \u010derstv\u011b nast\u011bhovan\u00ed, ur\u010dit\u011b tam m\u00e1te aspo\u0148 n\u011bjak\u00fd n\u00e1bytek. Nen\u00ed p\u0159ece mo\u017en\u00e9 n\u011bkde bydlet a nem\u00edt ho. Na \u010dem bychom le\u017eeli, na \u010dem sed\u011bli, na \u010dem jedli? A kam bychom si odkl\u00e1dali oble\u010den\u00ed a v\u011bci, kter\u00e9 pr\u00e1v\u011b nepou\u017e\u00edv\u00e1me? A tak tu m\u00e1me samoz\u0159ejm\u011b i sk\u0159\u00edn\u011b. I ty jsou vlastn\u011b pomalu nepostradateln\u00e9. Nikdo si p\u0159ece nebude skl\u00e1dat sv\u00e9 v\u011bci do kouta na podlahu! Bylo by to nepraktick\u00e9 a tak\u00e9 neestetick\u00e9, jak si v\u0161ichni snadno domysl\u00edme.Ale sk\u0159\u00edn\u00ed je na v\u00fdb\u011br hodn\u011b druh\u016f. A tak bychom si m\u011bli ve chv\u00edl\u00edch, kdy si n\u00e1bytek po\u0159izujeme, promyslet i to, jak\u00e9 budeme m\u00edt u sebe doma sk\u0159\u00edn\u011b. Proto\u017ee si tyto nepo\u0159izujeme ka\u017ed\u00fd den, a tak bychom si m\u011bli vybrat takov\u00e9, se kter\u00fdmi budeme spokojen\u00ed dlouhodob\u011b. A kter\u00e9 to jsou? Podle n\u00e1zoru mnoh\u00fdch lid\u00ed ty vestav\u011bn\u00e9.Jist\u011b, nic n\u00e1m nebr\u00e1n\u00ed po\u0159\u00eddit si i n\u011bjak\u00e9 docela jin\u00e9, t\u0159eba takov\u00e9, jak\u00e9 pou\u017e\u00edvaly u\u017e i minul\u00e9 generace, ale vestav\u011bn\u00e9 sk\u0159\u00edn\u011b jsou prost\u011b hez\u010d\u00ed. A tak\u00e9 daleko prakti\u010dt\u011bj\u0161\u00ed. Dokonaleji se s nimi vyu\u017eije prostor, jsou modern\u00ed, a nav\u00edc je m\u016f\u017eeme m\u00edt vyroben\u00e9 i na m\u00edru pro dan\u00e9 m\u00edsto, kde se maj\u00ed nach\u00e1zet. A \u017ee se ob\u00e1v\u00e1te, \u017ee nebude cena vestav\u011bn\u00e9 sk\u0159\u00edn\u011b od truhl\u00e1\u0159e Sten-skrine odpov\u00eddaj\u00edc\u00ed va\u0161im mo\u017enostem? M\u00e1te zafixov\u00e1no, \u017ee to d\u011blan\u00e9 na m\u00edru b\u00fdv\u00e1 obvykle hodn\u011b a \u010dasto i p\u0159\u00edmo nek\u0159es\u0165ansky drah\u00e9? Tak na to v tomto p\u0159\u00edpad\u011b zapome\u0148te. Vestav\u011bn\u00e9 sk\u0159\u00edn\u011b takov\u00e9 nejsou, ty si m\u016f\u017eete po\u0159\u00eddit i \u00fam\u011brn\u011b va\u0161im mo\u017enostem. Tak\u017ee nen\u00ed vlastn\u011b \u017e\u00e1dn\u00fd d\u016fvod, pro\u010d byste u v\u00e1s doma nemohli n\u011bjak\u00e9 ty vestav\u011bn\u00e9 sk\u0159\u00edn\u011b m\u00edt. M\u016f\u017eete si je prohl\u00e9dnout, a kdy\u017e si pak vyberete to prav\u00e9, vyrob\u00ed v\u00e1m dom\u016f n\u011bco, co se v\u00e1m tam bude skute\u010dn\u011b l\u00edbit. A na co budete ur\u010dit\u011b pln\u00fdm pr\u00e1vem hrd\u00ed. Co\u017e by se v\u00e1m u n\u011bjak\u00e9ho jin\u00e9ho typu sk\u0159\u00edn\u00ed, hlavn\u011b t\u011bch nejoby\u010dejn\u011bj\u0161\u00edch, nemuselo nikdy vyplnit.Tak\u017ee nev\u00e1hejte a jd\u011bte si tento sortiment prohl\u00e9dnout. A pak si po\u0159i\u010fte to, co v\u00e1m skute\u010dn\u011b padne do oka.                                                                                                                                                                                                                                                                                                                                                                                          3.6\/5 - (7 votes)        "},{"@context":"https:\/\/schema.org\/","@type":"BreadcrumbList","itemListElement":[{"@type":"ListItem","position":1,"name":"Kdy\u017e sk\u0159\u00edn\u011b, tak vestav\u011bn\u00e9","item":"https:\/\/www.pampaliny.cz\/kdyz-skrine-tak-vestavene\/#breadcrumbitem"}]}]